{"id":2947,"date":"2023-02-07T10:06:16","date_gmt":"2023-02-07T10:06:16","guid":{"rendered":"https:\/\/simplastic.pt\/?p=2947"},"modified":"2023-02-07T10:08:58","modified_gmt":"2023-02-07T10:08:58","slug":"kpa-ulm-alemanha-2023","status":"publish","type":"post","link":"https:\/\/simplastic.pt\/pt-pt\/kpa-ulm-alemanha-2023\/","title":{"rendered":"KPA &#8211; Ulm &#8211; Alemanha 2023"},"content":{"rendered":"<p>Nos dias 8 e 9 de mar\u00e7o seremos expositores na feira <a href=\"https:\/\/www.kpa-messe.de\/\">KPA<\/a> em Ulm 2023, Alemanha. O nosso stand \u00e9 o n\u00famero 6-C6.<br \/>\nEntre em contacto com o nosso agente comercial alem\u00e3o, Mr.Michael Pfrang (<a href=\"mailto:michael.pfrang@simplastic.de\">michael.pfrang@simplastic.de<\/a>, tlf: +49 621 4054 9864) para marcar uma reuni\u00e3o. Fique a conhecer e os nossos servi\u00e7os, tecnologias e capacidades e produtos.<\/p>\n<p>O Michael ter\u00e1 com ele alguns dos nossos produtos, incluindo pe\u00e7as de silicone, de nossa mais nova tecnologia, <a href=\"https:\/\/simplastic.pt\/pt-pt\/nova-tecnologia-injeccao-de-silicone-lsr\/\">Injec\u00e7\u00e3o de Silicone L\u00edquido (LSR)<\/a>.<\/p>\n","protected":false},"excerpt":{"rendered":"<p>Nos dias 8 e 9 de mar\u00e7o seremos expositores na feira KPA em Ulm 2023, Alemanha. O nosso stand \u00e9 o n\u00famero 6-C6. Entre em contacto com o nosso agente comercial alem\u00e3o, Mr.Michael Pfrang (michael.pfrang@simplastic.de, tlf: +49 621 4054 9864) para marcar uma reuni\u00e3o. Fique a conhecer e os nossos servi\u00e7os, tecnologias e capacidades e [&hellip;]<\/p>\n","protected":false},"author":2,"featured_media":2906,"comment_status":"closed","ping_status":"open","sticky":false,"template":"","format":"standard","meta":{"_acf_changed":false,"_et_pb_use_builder":"","_et_pb_old_content":"","_et_gb_content_width":"","inline_featured_image":false,"_mi_skip_tracking":false,"footnotes":""},"categories":[33],"tags":[],"class_list":["post-2947","post","type-post","status-publish","format-standard","has-post-thumbnail","hentry","category-uncategorized-pt-pt"],"acf":[],"yoast_head":"<!-- This site is optimized with the Yoast SEO plugin v20.7 - https:\/\/yoast.com\/wordpress\/plugins\/seo\/ -->\n<title>KPA - Ulm - Alemanha 2023 - Simplastic<\/title>\n<meta name=\"description\" content=\"Estaremos na feira KPA em Ulm, na Alemanha, de 6 a 7 de Mar\u00e7o de 2023. Visite o nosso stand, 6-C6.\" \/>\n<meta name=\"robots\" content=\"index, follow, max-snippet:-1, max-image-preview:large, max-video-preview:-1\" \/>\n<link rel=\"canonical\" href=\"https:\/\/simplastic.pt\/pt-pt\/kpa-ulm-alemanha-2023\/\" \/>\n<meta property=\"og:locale\" content=\"pt_PT\" \/>\n<meta property=\"og:type\" content=\"article\" \/>\n<meta property=\"og:title\" content=\"KPA - Ulm - Alemanha 2023 - Simplastic\" \/>\n<meta property=\"og:description\" content=\"Estaremos na feira KPA em Ulm, na Alemanha, de 6 a 7 de Mar\u00e7o de 2023. Visite o nosso stand, 6-C6.\" \/>\n<meta property=\"og:url\" content=\"https:\/\/simplastic.pt\/pt-pt\/kpa-ulm-alemanha-2023\/\" \/>\n<meta property=\"og:site_name\" content=\"Simplastic\" \/>\n<meta property=\"article:published_time\" content=\"2023-02-07T10:06:16+00:00\" \/>\n<meta property=\"article:modified_time\" content=\"2023-02-07T10:08:58+00:00\" \/>\n<meta property=\"og:image\" content=\"https:\/\/simplastic.pt\/wp-content\/uploads\/2022\/11\/KPA-Logo.png\" \/>\n\t<meta property=\"og:image:width\" content=\"500\" \/>\n\t<meta property=\"og:image:height\" content=\"500\" \/>\n\t<meta property=\"og:image:type\" content=\"image\/png\" \/>\n<meta name=\"author\" content=\"Simplastic\" \/>\n<meta name=\"twitter:card\" content=\"summary_large_image\" \/>\n<meta name=\"twitter:label1\" content=\"Escrito por\" \/>\n\t<meta name=\"twitter:data1\" content=\"Simplastic\" \/>\n<script type=\"application\/ld+json\" class=\"yoast-schema-graph\">{\"@context\":\"https:\/\/schema.org\",\"@graph\":[{\"@type\":\"Article\",\"@id\":\"https:\/\/simplastic.pt\/pt-pt\/kpa-ulm-alemanha-2023\/#article\",\"isPartOf\":{\"@id\":\"https:\/\/simplastic.pt\/pt-pt\/kpa-ulm-alemanha-2023\/\"},\"author\":{\"name\":\"Simplastic\",\"@id\":\"https:\/\/simplastic.pt\/pt-pt\/#\/schema\/person\/d208cbe05af382911a497b360ce6dfe4\"},\"headline\":\"KPA &#8211; Ulm &#8211; Alemanha 2023\",\"datePublished\":\"2023-02-07T10:06:16+00:00\",\"dateModified\":\"2023-02-07T10:08:58+00:00\",\"mainEntityOfPage\":{\"@id\":\"https:\/\/simplastic.pt\/pt-pt\/kpa-ulm-alemanha-2023\/\"},\"wordCount\":88,\"publisher\":{\"@id\":\"https:\/\/simplastic.pt\/pt-pt\/#organization\"},\"articleSection\":[\"Uncategorized\"],\"inLanguage\":\"pt-PT\"},{\"@type\":\"WebPage\",\"@id\":\"https:\/\/simplastic.pt\/pt-pt\/kpa-ulm-alemanha-2023\/\",\"url\":\"https:\/\/simplastic.pt\/pt-pt\/kpa-ulm-alemanha-2023\/\",\"name\":\"KPA - Ulm - Alemanha 2023 - Simplastic\",\"isPartOf\":{\"@id\":\"https:\/\/simplastic.pt\/pt-pt\/#website\"},\"datePublished\":\"2023-02-07T10:06:16+00:00\",\"dateModified\":\"2023-02-07T10:08:58+00:00\",\"description\":\"Estaremos na feira KPA em Ulm, na Alemanha, de 6 a 7 de Mar\u00e7o de 2023. Visite o nosso stand, 6-C6.\",\"breadcrumb\":{\"@id\":\"https:\/\/simplastic.pt\/pt-pt\/kpa-ulm-alemanha-2023\/#breadcrumb\"},\"inLanguage\":\"pt-PT\",\"potentialAction\":[{\"@type\":\"ReadAction\",\"target\":[\"https:\/\/simplastic.pt\/pt-pt\/kpa-ulm-alemanha-2023\/\"]}]},{\"@type\":\"BreadcrumbList\",\"@id\":\"https:\/\/simplastic.pt\/pt-pt\/kpa-ulm-alemanha-2023\/#breadcrumb\",\"itemListElement\":[{\"@type\":\"ListItem\",\"position\":1,\"name\":\"Home\",\"item\":\"https:\/\/simplastic.pt\/pt-pt\/\"},{\"@type\":\"ListItem\",\"position\":2,\"name\":\"KPA &#8211; Ulm &#8211; Alemanha 2023\"}]},{\"@type\":\"WebSite\",\"@id\":\"https:\/\/simplastic.pt\/pt-pt\/#website\",\"url\":\"https:\/\/simplastic.pt\/pt-pt\/\",\"name\":\"Simplastic\",\"description\":\"INTEGRATED SOLUTIONS FOR THERMOPLASTICS\",\"publisher\":{\"@id\":\"https:\/\/simplastic.pt\/pt-pt\/#organization\"},\"potentialAction\":[{\"@type\":\"SearchAction\",\"target\":{\"@type\":\"EntryPoint\",\"urlTemplate\":\"https:\/\/simplastic.pt\/pt-pt\/?s={search_term_string}\"},\"query-input\":\"required name=search_term_string\"}],\"inLanguage\":\"pt-PT\"},{\"@type\":\"Organization\",\"@id\":\"https:\/\/simplastic.pt\/pt-pt\/#organization\",\"name\":\"Simplastic\",\"url\":\"https:\/\/simplastic.pt\/pt-pt\/\",\"logo\":{\"@type\":\"ImageObject\",\"inLanguage\":\"pt-PT\",\"@id\":\"https:\/\/simplastic.pt\/pt-pt\/#\/schema\/logo\/image\/\",\"url\":\"https:\/\/simplastic.pt\/wp-content\/uploads\/2019\/02\/0397_simplastic_site_logo_simplastic.png\",\"contentUrl\":\"https:\/\/simplastic.pt\/wp-content\/uploads\/2019\/02\/0397_simplastic_site_logo_simplastic.png\",\"width\":1293,\"height\":141,\"caption\":\"Simplastic\"},\"image\":{\"@id\":\"https:\/\/simplastic.pt\/pt-pt\/#\/schema\/logo\/image\/\"},\"sameAs\":[\"https:\/\/www.linkedin.com\/company\/simplastic\/\"]},{\"@type\":\"Person\",\"@id\":\"https:\/\/simplastic.pt\/pt-pt\/#\/schema\/person\/d208cbe05af382911a497b360ce6dfe4\",\"name\":\"Simplastic\",\"image\":{\"@type\":\"ImageObject\",\"inLanguage\":\"pt-PT\",\"@id\":\"https:\/\/simplastic.pt\/pt-pt\/#\/schema\/person\/image\/\",\"url\":\"https:\/\/secure.gravatar.com\/avatar\/3dfba62da0e278285d58dd9904d55fea25a0cb5faaeb2e56d89ff6c9367cca90?s=96&d=mm&r=g\",\"contentUrl\":\"https:\/\/secure.gravatar.com\/avatar\/3dfba62da0e278285d58dd9904d55fea25a0cb5faaeb2e56d89ff6c9367cca90?s=96&d=mm&r=g\",\"caption\":\"Simplastic\"},\"url\":\"https:\/\/simplastic.pt\/pt-pt\/author\/gestao\/\"}]}<\/script>\n<!-- \/ Yoast SEO plugin. -->","yoast_head_json":{"title":"KPA - Ulm - Alemanha 2023 - Simplastic","description":"Estaremos na feira KPA em Ulm, na Alemanha, de 6 a 7 de Mar\u00e7o de 2023. Visite o nosso stand, 6-C6.","robots":{"index":"index","follow":"follow","max-snippet":"max-snippet:-1","max-image-preview":"max-image-preview:large","max-video-preview":"max-video-preview:-1"},"canonical":"https:\/\/simplastic.pt\/pt-pt\/kpa-ulm-alemanha-2023\/","og_locale":"pt_PT","og_type":"article","og_title":"KPA - Ulm - Alemanha 2023 - Simplastic","og_description":"Estaremos na feira KPA em Ulm, na Alemanha, de 6 a 7 de Mar\u00e7o de 2023. Visite o nosso stand, 6-C6.","og_url":"https:\/\/simplastic.pt\/pt-pt\/kpa-ulm-alemanha-2023\/","og_site_name":"Simplastic","article_published_time":"2023-02-07T10:06:16+00:00","article_modified_time":"2023-02-07T10:08:58+00:00","og_image":[{"width":500,"height":500,"url":"https:\/\/simplastic.pt\/wp-content\/uploads\/2022\/11\/KPA-Logo.png","type":"image\/png"}],"author":"Simplastic","twitter_card":"summary_large_image","twitter_misc":{"Escrito por":"Simplastic"},"schema":{"@context":"https:\/\/schema.org","@graph":[{"@type":"Article","@id":"https:\/\/simplastic.pt\/pt-pt\/kpa-ulm-alemanha-2023\/#article","isPartOf":{"@id":"https:\/\/simplastic.pt\/pt-pt\/kpa-ulm-alemanha-2023\/"},"author":{"name":"Simplastic","@id":"https:\/\/simplastic.pt\/pt-pt\/#\/schema\/person\/d208cbe05af382911a497b360ce6dfe4"},"headline":"KPA &#8211; Ulm &#8211; Alemanha 2023","datePublished":"2023-02-07T10:06:16+00:00","dateModified":"2023-02-07T10:08:58+00:00","mainEntityOfPage":{"@id":"https:\/\/simplastic.pt\/pt-pt\/kpa-ulm-alemanha-2023\/"},"wordCount":88,"publisher":{"@id":"https:\/\/simplastic.pt\/pt-pt\/#organization"},"articleSection":["Uncategorized"],"inLanguage":"pt-PT"},{"@type":"WebPage","@id":"https:\/\/simplastic.pt\/pt-pt\/kpa-ulm-alemanha-2023\/","url":"https:\/\/simplastic.pt\/pt-pt\/kpa-ulm-alemanha-2023\/","name":"KPA - Ulm - Alemanha 2023 - Simplastic","isPartOf":{"@id":"https:\/\/simplastic.pt\/pt-pt\/#website"},"datePublished":"2023-02-07T10:06:16+00:00","dateModified":"2023-02-07T10:08:58+00:00","description":"Estaremos na feira KPA em Ulm, na Alemanha, de 6 a 7 de Mar\u00e7o de 2023. Visite o nosso stand, 6-C6.","breadcrumb":{"@id":"https:\/\/simplastic.pt\/pt-pt\/kpa-ulm-alemanha-2023\/#breadcrumb"},"inLanguage":"pt-PT","potentialAction":[{"@type":"ReadAction","target":["https:\/\/simplastic.pt\/pt-pt\/kpa-ulm-alemanha-2023\/"]}]},{"@type":"BreadcrumbList","@id":"https:\/\/simplastic.pt\/pt-pt\/kpa-ulm-alemanha-2023\/#breadcrumb","itemListElement":[{"@type":"ListItem","position":1,"name":"Home","item":"https:\/\/simplastic.pt\/pt-pt\/"},{"@type":"ListItem","position":2,"name":"KPA &#8211; Ulm &#8211; Alemanha 2023"}]},{"@type":"WebSite","@id":"https:\/\/simplastic.pt\/pt-pt\/#website","url":"https:\/\/simplastic.pt\/pt-pt\/","name":"Simplastic","description":"INTEGRATED SOLUTIONS FOR THERMOPLASTICS","publisher":{"@id":"https:\/\/simplastic.pt\/pt-pt\/#organization"},"potentialAction":[{"@type":"SearchAction","target":{"@type":"EntryPoint","urlTemplate":"https:\/\/simplastic.pt\/pt-pt\/?s={search_term_string}"},"query-input":"required name=search_term_string"}],"inLanguage":"pt-PT"},{"@type":"Organization","@id":"https:\/\/simplastic.pt\/pt-pt\/#organization","name":"Simplastic","url":"https:\/\/simplastic.pt\/pt-pt\/","logo":{"@type":"ImageObject","inLanguage":"pt-PT","@id":"https:\/\/simplastic.pt\/pt-pt\/#\/schema\/logo\/image\/","url":"https:\/\/simplastic.pt\/wp-content\/uploads\/2019\/02\/0397_simplastic_site_logo_simplastic.png","contentUrl":"https:\/\/simplastic.pt\/wp-content\/uploads\/2019\/02\/0397_simplastic_site_logo_simplastic.png","width":1293,"height":141,"caption":"Simplastic"},"image":{"@id":"https:\/\/simplastic.pt\/pt-pt\/#\/schema\/logo\/image\/"},"sameAs":["https:\/\/www.linkedin.com\/company\/simplastic\/"]},{"@type":"Person","@id":"https:\/\/simplastic.pt\/pt-pt\/#\/schema\/person\/d208cbe05af382911a497b360ce6dfe4","name":"Simplastic","image":{"@type":"ImageObject","inLanguage":"pt-PT","@id":"https:\/\/simplastic.pt\/pt-pt\/#\/schema\/person\/image\/","url":"https:\/\/secure.gravatar.com\/avatar\/3dfba62da0e278285d58dd9904d55fea25a0cb5faaeb2e56d89ff6c9367cca90?s=96&d=mm&r=g","contentUrl":"https:\/\/secure.gravatar.com\/avatar\/3dfba62da0e278285d58dd9904d55fea25a0cb5faaeb2e56d89ff6c9367cca90?s=96&d=mm&r=g","caption":"Simplastic"},"url":"https:\/\/simplastic.pt\/pt-pt\/author\/gestao\/"}]}},"_links":{"self":[{"href":"https:\/\/simplastic.pt\/pt-pt\/wp-json\/wp\/v2\/posts\/2947","targetHints":{"allow":["GET"]}}],"collection":[{"href":"https:\/\/simplastic.pt\/pt-pt\/wp-json\/wp\/v2\/posts"}],"about":[{"href":"https:\/\/simplastic.pt\/pt-pt\/wp-json\/wp\/v2\/types\/post"}],"author":[{"embeddable":true,"href":"https:\/\/simplastic.pt\/pt-pt\/wp-json\/wp\/v2\/users\/2"}],"replies":[{"embeddable":true,"href":"https:\/\/simplastic.pt\/pt-pt\/wp-json\/wp\/v2\/comments?post=2947"}],"version-history":[{"count":3,"href":"https:\/\/simplastic.pt\/pt-pt\/wp-json\/wp\/v2\/posts\/2947\/revisions"}],"predecessor-version":[{"id":2950,"href":"https:\/\/simplastic.pt\/pt-pt\/wp-json\/wp\/v2\/posts\/2947\/revisions\/2950"}],"wp:featuredmedia":[{"embeddable":true,"href":"https:\/\/simplastic.pt\/pt-pt\/wp-json\/wp\/v2\/media\/2906"}],"wp:attachment":[{"href":"https:\/\/simplastic.pt\/pt-pt\/wp-json\/wp\/v2\/media?parent=2947"}],"wp:term":[{"taxonomy":"category","embeddable":true,"href":"https:\/\/simplastic.pt\/pt-pt\/wp-json\/wp\/v2\/categories?post=2947"},{"taxonomy":"post_tag","embeddable":true,"href":"https:\/\/simplastic.pt\/pt-pt\/wp-json\/wp\/v2\/tags?post=2947"}],"curies":[{"name":"wp","href":"https:\/\/api.w.org\/{rel}","templated":true}]}}